{"id":45183,"date":"2015-02-26T03:18:47","date_gmt":"2015-02-26T02:18:47","guid":{"rendered":"http:\/\/www.dokus4.me\/?p=45183"},"modified":"2015-07-30T07:08:07","modified_gmt":"2015-07-30T06:08:07","slug":"ubernaturliche-krafte-der-menschen","status":"publish","type":"post","link":"http:\/\/www.dokus4.me\/index.php\/2015\/02\/26\/ubernaturliche-krafte-der-menschen\/","title":{"rendered":"\u00dcbernat\u00fcrliche Kr\u00e4fte der Menschen"},"content":{"rendered":"<p><iframe loading=\"lazy\" width=\"600\" height=\"440\" src=\"https:\/\/www.youtube.com\/embed\/XZQNYFezCSo\" frameborder=\"0\" allowfullscreen><\/iframe><\/p>\n<p><\/p> ","protected":false},"excerpt":{"rendered":"<p><\/p> ","protected":false},"author":1,"featured_media":0,"comment_status":"open","ping_status":"closed","sticky":false,"template":"","format":"standard","meta":[],"categories":[1],"tags":[9414,14234],"_links":{"self":[{"href":"http:\/\/www.dokus4.me\/index.php\/wp-json\/wp\/v2\/posts\/45183"}],"collection":[{"href":"http:\/\/www.dokus4.me\/index.php\/wp-json\/wp\/v2\/posts"}],"about":[{"href":"http:\/\/www.dokus4.me\/index.php\/wp-json\/wp\/v2\/types\/post"}],"author":[{"embeddable":true,"href":"http:\/\/www.dokus4.me\/index.php\/wp-json\/wp\/v2\/users\/1"}],"replies":[{"embeddable":true,"href":"http:\/\/www.dokus4.me\/index.php\/wp-json\/wp\/v2\/comments?post=45183"}],"version-history":[{"count":2,"href":"http:\/\/www.dokus4.me\/index.php\/wp-json\/wp\/v2\/posts\/45183\/revisions"}],"predecessor-version":[{"id":46710,"href":"http:\/\/www.dokus4.me\/index.php\/wp-json\/wp\/v2\/posts\/45183\/revisions\/46710"}],"wp:attachment":[{"href":"http:\/\/www.dokus4.me\/index.php\/wp-json\/wp\/v2\/media?parent=45183"}],"wp:term":[{"taxonomy":"category","embeddable":true,"href":"http:\/\/www.dokus4.me\/index.php\/wp-json\/wp\/v2\/categories?post=45183"},{"taxonomy":"post_tag","embeddable":true,"href":"http:\/\/www.dokus4.me\/index.php\/wp-json\/wp\/v2\/tags?post=45183"}],"curies":[{"name":"wp","href":"https:\/\/api.w.org\/{rel}","templated":true}]}}