{"id":51151,"date":"2019-04-22T16:52:02","date_gmt":"2019-04-22T15:52:02","guid":{"rendered":"http:\/\/www.dokus4.me\/?p=51151"},"modified":"2019-04-23T09:03:21","modified_gmt":"2019-04-23T08:03:21","slug":"der-klimawandel-muss-reduziert-werden","status":"publish","type":"post","link":"http:\/\/www.dokus4.me\/index.php\/2019\/04\/22\/der-klimawandel-muss-reduziert-werden\/","title":{"rendered":"Der Klimawandel muss reduziert werden!"},"content":{"rendered":"<p><img decoding=\"async\" loading=\"lazy\" class=\"alignright size-thumbnail wp-image-51153\" src=\"http:\/\/www.dokus4.me\/wp-content\/uploads\/2019\/04\/klimwandel-stoppen-150x150.jpg\" alt=\"\" width=\"150\" height=\"150\" \/>Viele Menschen machen sich \u00fcber den Klimawandel keinen Kopf, w\u00e4hrend andere hingegen alles daf\u00fcr tun, die Klimaerw\u00e4rmung zu reduzieren. Dabei untersch\u00e4tzen viele, wie wichtig es ist, den Klimawandel so gut es geht zu reduzieren. Denn l\u00e4ngst geht es nicht mehr darum, \u201eetwas f\u00fcr die Umwelt\u201c zu tun, sondern unser \u00dcberleben zu sichern. Deshalb sollte jeder Einzelne von uns, den <a href=\"https:\/\/blog.gamingclub.com\/de\/ist-es-zu-spat-den-klimawandel-aufzuhalten\/\" target=\"_blank\" rel=\"noopener\"><strong><u>Kampf gegen den Klimawandel unterst\u00fctzen<\/u><\/strong><\/a>!<\/p>\n<p>Daher erkl\u00e4ren wir euch in diesem Beitrag, welche Ursachen hinter den Wandel stecken, was sich bereits ver\u00e4ndert hat und warum ihr etwas gegen den Klimawandel unternehmen m\u00fcsst!<\/p>\n<p>&nbsp;<\/p>\n<h3>Die Ursachen<\/h3>\n<p>Die Hauptursache f\u00fcr den Klimaanstieg liegt im Aussto\u00df von CO2 und Methan, woran wir Menschen Schuld sind! Denn das sch\u00e4dliche Kohlenstoffdioxid pusten wir in die Luft, indem wir Flugzeug fliegen, Auto fahren, Kreuzfahrten machen und auch Fabriken betreiben. Methan als zweiter Klimakiller wird von Rindern ausgesto\u00dfen, denn sie r\u00fclpsen gro\u00dfe Mengen von Methan aus. Und dabei ist ein Methan-Molek\u00fcl 40 Mal so schlimm wie ein Kohlendioxid-Molek\u00fcl! Aber was dabei noch schlimmer ist: der Aussto\u00df wird laut Forschern sch\u00e4tzungsweise immer weiter wachsen! Denn voraussichtlich nimmt unser Fleischbedarf zu, sodass immer mehr Tiere gehalten werden m\u00fcssen, um unseren Bedarf abzudecken. In Deutschland ist deshalb die gr\u00f6\u00dfte Methan-Quelle die Massentierhaltung!<\/p>\n<p>&nbsp;<\/p>\n<h3>Was ist, wenn wir so weitermachen?<\/h3>\n<p>Wenn wir gegen den Klimawandel nichts unternehmen, dann sch\u00e4tzen Forscher, dass im Jahre 2100 die Durchschnitttemperatur um rund 6,5 Grad gestiegen sein wird. Dies ist dramatisch, denn bereits ab einer Ver\u00e4nderung von 2 Grad k\u00f6nnte es bereits zu Fluten kommen, D\u00fcrren entstehen oder auch gigantische Wirbelst\u00fcrme entstehen. Wir Menschen zerst\u00f6ren uns damit selbst! Sp\u00e4testens unsere Kinder k\u00f6nnten unter den kommenden Naturkatastrophen leiden, wenn nicht wir selbst schon davon betroffen sind.<\/p>\n<p>&nbsp;<\/p>\n<h3>Was hat sich bereits ver\u00e4ndert?<\/h3>\n<p>Weltweit haben wir aufgrund des Klimawandels mit ungew\u00f6hnlichem Wetter zu tun. In Deutschland mag der Anstieg f\u00fcr einige Frostbeulen gelegen kommen, aber in anderen Orten auf der Welt hat der Klimawandel radikale und schlimme Folgen. Zum Beispiel in Australien war der Januar der hei\u00dfeste Monat seitdem die Menschheit das Wetter aufgezeichnet hat! Auf der anderen Seite hatten Teile in \u00d6sterreich, der Schweiz und den Alpen mit Lawinen zu k\u00e4mpfen, die f\u00fcr viele Menschen t\u00f6dlich endeten. Im Mittleren Westen der USA und im Osten Kanadas zeigen sich die Folgen von den kalten Temperaturen ebenfalls sehr extrem. Dort fielen die Temperaturen unter -30 Grad, wodurch Menschen an Unterk\u00fchlung starben. Und das ist bisher nur der Anfang!<\/p>\n<p>&nbsp;<\/p>\n<h3>Was k\u00f6nnen wir also tun?<\/h3>\n<p>Aufhalten k\u00f6nnen wir den Klimawandel nicht mehr, da er bereits begonnen hat. Aber wir k\u00f6nnen uns bem\u00fchen, ihn so gut es geht zu verringern. Um also wirklich etwas zu ver\u00e4ndern, m\u00fcssen wir den Aussto\u00df an Treibhausgasen in den n\u00e4chsten Jahrzehnten auf ein Zehntel reduzieren. Nat\u00fcrlich geht das nicht von heute auf morgen, aber einige technischen Konzepte stehen bereits, die jedoch noch nicht umgesetzt sind. Aber was kann nun jeder individuell tun? Um dieser Frage auf den Grund zu geben, haben wir euch hier eine Liste aufgestellt, wie\u00a0auch ihr einen kleinen Teil zum Klimawandel tun k\u00f6nnt:<\/p>\n<ol>\n<li>Steigt so gut es geht auf erneuerbare Energien um<\/li>\n<li>Nutzt immer \u00f6ffentliche Verkehrsmittel, wenn ihr k\u00f6nnt<\/li>\n<li>Kurze bzw. machbare Strecken solltet ihr immer mit dem Fahrrad fahren<\/li>\n<li>Schlie\u00dft euch zu Fahrgemeinschaften zusammen, anstatt dass jeder mit seinem eigenen Auto fahrt<\/li>\n<li>Kauft nachhaltige Produkte, wenn es geht (z.B. solltet ihr keine Plastikt\u00fcten mehr kaufen!)<\/li>\n<li>Gem\u00fcse und Obst sollten immer aus der Region kommen. Damit k\u00f6nnt ihr langfristig lange Transportwege und damit den CO2 Aussto\u00df verringern<\/li>\n<li>Reduziert euren Fleischkonsum, damit weniger Rinder gehalten werden m\u00fcssen<\/li>\n<li>Anstatt Wasser zu kaufen, ist es viel umwetlfreundlich, Wasser aus der Leitung zu trinken<\/li>\n<\/ol>\n<blockquote><p><img decoding=\"async\" loading=\"lazy\" class=\"alignleft wp-image-51152\" src=\"http:\/\/www.dokus4.me\/wp-content\/uploads\/2019\/04\/Achtung-150x150.png\" alt=\"\" width=\"89\" height=\"89\" srcset=\"http:\/\/www.dokus4.me\/wp-content\/uploads\/2019\/04\/Achtung-150x150.png 150w, http:\/\/www.dokus4.me\/wp-content\/uploads\/2019\/04\/Achtung-300x300.png 300w, http:\/\/www.dokus4.me\/wp-content\/uploads\/2019\/04\/Achtung-768x768.png 768w, http:\/\/www.dokus4.me\/wp-content\/uploads\/2019\/04\/Achtung-1024x1024.png 1024w, http:\/\/www.dokus4.me\/wp-content\/uploads\/2019\/04\/Achtung.png 1280w\" sizes=\"(max-width: 89px) 100vw, 89px\" \/>Fakt ist, wir alle m\u00fcssen etwas gegen den Klimawandel tun, ansonsten werden wir bald mit noch schlimmeren Folgen konfrontiert, die viele Opfer kosten werden. Daher lege ich euch ans Herz, bitte, wir m\u00fcssen gemeinsam gegen den Klimawandel ank\u00e4mpfen! Und dabei muss sich jeder an seine eigene Nase fassen und \u00fcberlegen, wie er die Umwelt schonen kann.<\/p><\/blockquote>\n<p><\/p> ","protected":false},"excerpt":{"rendered":"<p>Viele Menschen machen sich \u00fcber den Klimawandel keinen Kopf, w\u00e4hrend andere hingegen alles daf\u00fcr tun, die Klimaerw\u00e4rmung zu reduzieren. Dabei untersch\u00e4tzen viele, wie wichtig es ist, den Klimawandel so gut es geht zu reduzieren. Denn l\u00e4ngst geht es nicht mehr darum, \u201eetwas f\u00fcr die Umwelt\u201c zu tun, sondern unser \u00dcberleben zu sichern. Deshalb sollte jeder [&hellip;]<\/p>\n<p><\/p> ","protected":false},"author":1,"featured_media":0,"comment_status":"closed","ping_status":"closed","sticky":false,"template":"","format":"standard","meta":[],"categories":[112,103,1391,108],"tags":[],"_links":{"self":[{"href":"http:\/\/www.dokus4.me\/index.php\/wp-json\/wp\/v2\/posts\/51151"}],"collection":[{"href":"http:\/\/www.dokus4.me\/index.php\/wp-json\/wp\/v2\/posts"}],"about":[{"href":"http:\/\/www.dokus4.me\/index.php\/wp-json\/wp\/v2\/types\/post"}],"author":[{"embeddable":true,"href":"http:\/\/www.dokus4.me\/index.php\/wp-json\/wp\/v2\/users\/1"}],"replies":[{"embeddable":true,"href":"http:\/\/www.dokus4.me\/index.php\/wp-json\/wp\/v2\/comments?post=51151"}],"version-history":[{"count":3,"href":"http:\/\/www.dokus4.me\/index.php\/wp-json\/wp\/v2\/posts\/51151\/revisions"}],"predecessor-version":[{"id":51156,"href":"http:\/\/www.dokus4.me\/index.php\/wp-json\/wp\/v2\/posts\/51151\/revisions\/51156"}],"wp:attachment":[{"href":"http:\/\/www.dokus4.me\/index.php\/wp-json\/wp\/v2\/media?parent=51151"}],"wp:term":[{"taxonomy":"category","embeddable":true,"href":"http:\/\/www.dokus4.me\/index.php\/wp-json\/wp\/v2\/categories?post=51151"},{"taxonomy":"post_tag","embeddable":true,"href":"http:\/\/www.dokus4.me\/index.php\/wp-json\/wp\/v2\/tags?post=51151"}],"curies":[{"name":"wp","href":"https:\/\/api.w.org\/{rel}","templated":true}]}}